{"id":1397,"date":"2012-03-03T14:45:47","date_gmt":"2012-03-03T13:45:47","guid":{"rendered":"http:\/\/courtwatch.pl\/?p=1397"},"modified":"2012-03-12T23:38:59","modified_gmt":"2012-03-12T22:38:59","slug":"15-marca-debiutujemy-w-szczecinie","status":"publish","type":"post","link":"https:\/\/courtwatch.pl\/blog\/2012\/03\/03\/15-marca-debiutujemy-w-szczecinie\/","title":{"rendered":"15 marca debiutujemy w Szczecinie"},"content":{"rendered":"<p>Dzi\u0119ki zainteresowaniu student\u00f3w WPiA Uniwersytetu Szczeci\u0144skiego, a tak\u017ce przychylno\u015bci kadry Wydzia\u0142u &#8211; 15 marca (czwartek) \u00a0przeprowadzimy w Szczecinie szkolenia n\/t obywatelskiego monitoringu s\u0105d\u00f3w. Odb\u0119d\u0105 si\u0119 one w\u00a0sali nr 222 WPiA (ul. Narutowicza 17a)\u00a0godz. 13:00, 15:00 i 17:00<\/p>\n<p>Zapraszamy wszystkich zainteresowanych udzia\u0142em w &#8222;Obywatelskim Monitoringiem S\u0105d\u00f3w&#8221; &#8211; tak\u017ce student\u00f3w Uniwersytetu Szczeci\u0144skiego z innych wydzia\u0142\u00f3w.<\/p>\n<p>Mo\u017cemy tak\u017ce potwierdzi\u0107 ju\u017c informacj\u0119 o tym, \u017ce udzia\u0142 w programie Fundacji Court Watch Polska mo\u017ce zosta\u0107 rozliczony jako obowi\u0105zkowe praktyki studenckie na kierunku prawo.<\/p>\n<p>Aby wzi\u0105\u0107 udzia\u0142 w szkoleniu, nale\u017cy si\u0119 zapisa\u0107 klikaj\u0105c w wybran\u0105 godzin\u0119:<\/p>\n<ul>\n<li>13:00 &#8211; lista zamkni\u0119ta<\/li>\n<li>15:00 &#8211; lista zamkni\u0119ta<\/li>\n<li>17:00 &#8211; lista zamkni\u0119ta<\/li>\n<\/ul>\n<p><a href=\"http:\/\/courtwatch.pl\/2011\/03\/szkolenie-dla-studentow-uniwersytetu-gdanskiego\/stan_przed_sadem-2\/\" rel=\"attachment wp-att-771\"><img loading=\"lazy\" title=\"sta\u0144_przed_s\u0105dem\" src=\"http:\/\/courtwatch.pl\/wp-content\/uploads\/2011\/03\/sta%C5%84_przed_s%C4%85dem.gif\" alt=\"\" width=\"505\" height=\"293\" \/><\/a><\/p>\n<p>&nbsp;<\/p>\n","protected":false},"excerpt":{"rendered":"<p>Dzi\u0119ki zainteresowaniu student\u00f3w WPiA Uniwersytetu Szczeci\u0144skiego, a tak\u017ce przychylno\u015bci kadry Wydzia\u0142u &#8211; 15 marca (czwartek) \u00a0przeprowadzimy w Szczecinie szkolenia n\/t obywatelskiego monitoringu s\u0105d\u00f3w. Odb\u0119d\u0105 si\u0119 one w\u00a0sali nr 222 WPiA (ul. Narutowicza 17a)\u00a0godz. 13:00, 15:00 i 17:00 Zapraszamy wszystkich zainteresowanych udzia\u0142em w &#8222;Obywatelskim Monitoringiem S\u0105d\u00f3w&#8221; &#8211; tak\u017ce student\u00f3w Uniwersytetu Szczeci\u0144skiego z innych wydzia\u0142\u00f3w. Mo\u017cemy tak\u017ce [&hellip;]<\/p>\n","protected":false},"author":1,"featured_media":1398,"comment_status":"open","ping_status":"closed","sticky":false,"template":"","format":"standard","meta":[],"categories":[1],"tags":[],"_links":{"self":[{"href":"https:\/\/courtwatch.pl\/api\/wp\/v2\/posts\/1397"}],"collection":[{"href":"https:\/\/courtwatch.pl\/api\/wp\/v2\/posts"}],"about":[{"href":"https:\/\/courtwatch.pl\/api\/wp\/v2\/types\/post"}],"author":[{"embeddable":true,"href":"https:\/\/courtwatch.pl\/api\/wp\/v2\/users\/1"}],"replies":[{"embeddable":true,"href":"https:\/\/courtwatch.pl\/api\/wp\/v2\/comments?post=1397"}],"version-history":[{"count":5,"href":"https:\/\/courtwatch.pl\/api\/wp\/v2\/posts\/1397\/revisions"}],"predecessor-version":[{"id":1827,"href":"https:\/\/courtwatch.pl\/api\/wp\/v2\/posts\/1397\/revisions\/1827"}],"wp:featuredmedia":[{"embeddable":true,"href":"https:\/\/courtwatch.pl\/api\/wp\/v2\/media\/1398"}],"wp:attachment":[{"href":"https:\/\/courtwatch.pl\/api\/wp\/v2\/media?parent=1397"}],"wp:term":[{"taxonomy":"category","embeddable":true,"href":"https:\/\/courtwatch.pl\/api\/wp\/v2\/categories?post=1397"},{"taxonomy":"post_tag","embeddable":true,"href":"https:\/\/courtwatch.pl\/api\/wp\/v2\/tags?post=1397"}],"curies":[{"name":"wp","href":"https:\/\/api.w.org\/{rel}","templated":true}]}}