{"id":335584,"date":"2020-01-12T23:56:47","date_gmt":"2020-01-12T22:56:47","guid":{"rendered":"https:\/\/courtwatch.pl\/?p=335584"},"modified":"2020-04-24T17:21:38","modified_gmt":"2020-04-24T15:21:38","slug":"raport-z-badania-tymczasowych-aresztowan-na-portalu-oko-press-i-w-dzienniku-baltyckim","status":"publish","type":"post","link":"https:\/\/courtwatch.pl\/blog\/2020\/01\/12\/raport-z-badania-tymczasowych-aresztowan-na-portalu-oko-press-i-w-dzienniku-baltyckim\/","title":{"rendered":"Raport z badania tymczasowych aresztowa\u0144 na portalu OKO.press i w &#8222;Dzienniku Ba\u0142tyckim&#8221;"},"content":{"rendered":"<p>Cho\u0107 od publikacji raportu&nbsp;\u201eAktualna praktyka stosowania tymczasowych aresztowa\u0144 w Polsce. Raport z bada\u0144 empirycznych\u201d min\u0119\u0142o kilka tygodni, nadal pojawiaj\u0105 si\u0119 medialne doniesienia na jego temat. Typ razem o publikacji Fundacji napisa\u0142 portal <a href=\"https:\/\/oko.press\/tymczasowo-aresztowanych-jest-niemal-dwa-razy-wiecej\/\">OKO.press<\/a> i <a href=\"https:\/\/plus.dziennikbaltycki.pl\/tymczasowych-aresztowan-w-polsce-coraz-wiecej-nawet-kilka-lat-odsiadki-bez-wyroku\/ar\/c15-14702185\">&#8222;Dziennik Ba\u0142tycki&#8221;<\/a>. W pierwszym z wymienionych znalaz\u0142o si\u0119 obszerne i wyczerpuj\u0105ce podsumowanie najwa\u017cniejszych wniosk\u00f3w z badania.<\/p>\n<blockquote><p>Z raportu p\u0142yn\u0105 jednoznaczne wnioski: tymczasowe aresztowanie w Polsce jest stosowane coraz cz\u0119\u015bciej i trwa coraz d\u0142u\u017cej. Zamiast ostateczno\u015bci\u0105, sta\u0142o si\u0119 domy\u015blnym \u015brodkiem zapobiegawczym zar\u00f3wno na etapie post\u0119powania przygotowawczego (\u015bledztwa prokuratury) jak i s\u0105dowego. Poniewa\u017c dotyczy os\u00f3b, kt\u00f3rym nie udowodniono jeszcze winy, powinno podlega\u0107 szczeg\u00f3lnym obostrzeniom. Do ochrony wolno\u015bci jednostki obliguj\u0105 polskie s\u0105dy przepisy Konstytucji. (&#8230;)&nbsp;Z raportu wynika, \u017ce za rosn\u0105c\u0105 liczb\u0105 osadzonych w aresztach stoi praktyka karna prokuratury pod rz\u0105dami Zbigniewa Ziobry. Bo cho\u0107 s\u0105dy na przestrzeni lat przychylaj\u0105 si\u0119 do prokuratorskich wniosk\u00f3w z podobn\u0105 regularno\u015bci\u0105 (90 proc.), lawinowo ro\u015bnie liczba samych wniosk\u00f3w.&nbsp;Przest\u0119pczo\u015b\u0107 w Polsce i liczba os\u00f3b osadzonych w wi\u0119zieniach z roku na rok spada, ale liczba tymczasowo aresztowanych wzrasta systematycznie od 2015 roku. Jest dzi\u015b niemal dwukrotnie wy\u017csza ni\u017c 4 lata temu.<\/p><\/blockquote>\n<p>Komentarza na temat aktualnej praktyki stosowania tymczasowych aresztowa\u0144 udzieli\u0142 &#8222;Dziennikowi Ba\u0142tyckiemu&#8221;&nbsp;mec. Maciej Urba\u0144ski z kancelarii Urba\u0144ski, Karolak sp.p. w Gdyni:<\/p>\n<blockquote><p>Je\u015bli politycy bior\u0105 na sztandary ostr\u0105 polityk\u0119 karn\u0105, a prokuratorem generalnym jest minister sprawiedliwo\u015bci, to jest w\u015br\u00f3d prokurator\u00f3w pokusa, by wyst\u0119powa\u0107 cz\u0119sto z wnioskiem o areszt. Zw\u0142aszcza, \u017ce spotyka si\u0119 to nierzadko ze spo\u0142eczn\u0105 aprobat\u0105. Wiar\u0119 trzeba pok\u0142ada\u0107 tylko i wy\u0142\u0105cznie w s\u0105dach, kt\u00f3re powinny bardzo starannie rozwa\u017ca\u0107 te wnioski.<\/p><\/blockquote>\n<p>Artyku\u0142y dost\u0119pne na stronach:<\/p>\n<p><a href=\"https:\/\/oko.press\/tymczasowo-aresztowanych-jest-niemal-dwa-razy-wiecej\/\">https:\/\/oko.press\/tymczasowo-aresztowanych-jest-niemal-dwa-razy-wiecej\/<\/a><\/p>\n<p><a href=\"https:\/\/plus.dziennikbaltycki.pl\/tymczasowych-aresztowan-w-polsce-coraz-wiecej-nawet-kilka-lat-odsiadki-bez-wyroku\/ar\/c15-14702185\">https:\/\/plus.dziennikbaltycki.pl\/tymczasowych-aresztowan-w-polsce-coraz-wiecej-nawet-kilka-lat-odsiadki-bez-wyroku\/ar\/c15-14702185<\/a><\/p>\n<p>&nbsp;<\/p>\n","protected":false},"excerpt":{"rendered":"<p>Cho\u0107 od publikacji raportu&nbsp;\u201eAktualna praktyka stosowania tymczasowych aresztowa\u0144 w Polsce. Raport z bada\u0144 empirycznych\u201d min\u0119\u0142o kilka tygodni, nadal pojawiaj\u0105 si\u0119 medialne doniesienia na jego temat. Typ razem o publikacji Fundacji napisa\u0142 portal OKO.press i &#8222;Dziennik Ba\u0142tycki&#8221;. W pierwszym z wymienionych znalaz\u0142o si\u0119 obszerne i wyczerpuj\u0105ce podsumowanie najwa\u017cniejszych wniosk\u00f3w z badania. Z raportu p\u0142yn\u0105 jednoznaczne wnioski: [&hellip;]<\/p>\n","protected":false},"author":5739,"featured_media":338778,"comment_status":"closed","ping_status":"closed","sticky":false,"template":"","format":"standard","meta":[],"categories":[30],"tags":[],"_links":{"self":[{"href":"https:\/\/courtwatch.pl\/api\/wp\/v2\/posts\/335584"}],"collection":[{"href":"https:\/\/courtwatch.pl\/api\/wp\/v2\/posts"}],"about":[{"href":"https:\/\/courtwatch.pl\/api\/wp\/v2\/types\/post"}],"author":[{"embeddable":true,"href":"https:\/\/courtwatch.pl\/api\/wp\/v2\/users\/5739"}],"replies":[{"embeddable":true,"href":"https:\/\/courtwatch.pl\/api\/wp\/v2\/comments?post=335584"}],"version-history":[{"count":2,"href":"https:\/\/courtwatch.pl\/api\/wp\/v2\/posts\/335584\/revisions"}],"predecessor-version":[{"id":337245,"href":"https:\/\/courtwatch.pl\/api\/wp\/v2\/posts\/335584\/revisions\/337245"}],"wp:featuredmedia":[{"embeddable":true,"href":"https:\/\/courtwatch.pl\/api\/wp\/v2\/media\/338778"}],"wp:attachment":[{"href":"https:\/\/courtwatch.pl\/api\/wp\/v2\/media?parent=335584"}],"wp:term":[{"taxonomy":"category","embeddable":true,"href":"https:\/\/courtwatch.pl\/api\/wp\/v2\/categories?post=335584"},{"taxonomy":"post_tag","embeddable":true,"href":"https:\/\/courtwatch.pl\/api\/wp\/v2\/tags?post=335584"}],"curies":[{"name":"wp","href":"https:\/\/api.w.org\/{rel}","templated":true}]}}