{"id":341009,"date":"2020-10-10T09:58:43","date_gmt":"2020-10-10T07:58:43","guid":{"rendered":"https:\/\/courtwatch.pl\/?p=341009"},"modified":"2020-11-16T02:46:58","modified_gmt":"2020-11-16T01:46:58","slug":"po-konferencji-niedostepne-sady-media-o-naszych-raportach-i-plebiscycie-obywatelski-sedzia-roku","status":"publish","type":"post","link":"https:\/\/courtwatch.pl\/blog\/2020\/10\/10\/po-konferencji-niedostepne-sady-media-o-naszych-raportach-i-plebiscycie-obywatelski-sedzia-roku\/","title":{"rendered":"Medialne echa po konferencji: &#8222;(Nie)dost\u0119pne s\u0105dy?&#8221;"},"content":{"rendered":"\n<p><\/p>\n\n\n\n<p>Za nami konferencja podsumowuj\u0105ca dziesi\u0105ty cykl Obywatelskiego Monitoringu S\u0105d\u00f3w. By\u0142 on wyj\u0105tkowy nie tylko ze wzgl\u0119du na jubileusz programu &#8211; jego tegoroczna edycja zbieg\u0142a si\u0119 z pandemi\u0105 COVID-19, co sk\u0142oni\u0142o nas do uzupe\u0142nienia dotychczasowych obserwacji badaniem dost\u0119pno\u015bci s\u0105d\u00f3w w warunkach ograniczonego funkcjonowania instytucji publicznych. Przy okazji konferencji premier\u0119 mia\u0142 r\u00f3wnie\u017c raport <em>S\u0105dy dost\u0119pne przez Internet. Lekcje z Polski i 12 kraj\u00f3w \u015bwiata<\/em>.<\/p>\n\n\n\n<p>Na konferencji licznie stawili si\u0119 przedstawiciele medi\u00f3w, a artyku\u0142y zbieraj\u0105ce wnioski z raport\u00f3w opublikowa\u0142y portale <a href=\"https:\/\/www.polsatnews.pl\/wiadomosc\/2020-09-25\/pandemia-ograniczyla-jawnosc-wyrokow-i-dostep-do-sadu\/\">Polsat News<\/a>, <a href=\"https:\/\/prawo.gazetaprawna.pl\/artykuly\/1491865,court-watch-polska-koronawirus-sadu-raport.html\">Gazeta Prawna<\/a> oraz <a href=\"https:\/\/www.prawo.pl\/prawnicy-sady\/jak-wyglada-jawnosc-rozpraw-w-dobie-koronawirusa,503369.html\">Prawo.pl<\/a> &#8211; <a href=\"https:\/\/www.prawo.pl\/prawnicy-sady\/informatyzacja-wymiaru-sprawiedliwosci-w-roznych-krajach-raport,503380.html\">dwukrotnie<\/a>. Odniesienie do wynik\u00f3w naszych bada\u0144 znalaz\u0142o si\u0119 tak\u017ce w <a href=\"https:\/\/www.prawo.pl\/prawnicy-sady\/przewleklosc-procesow-to-nie-skutek-pandemii-wywiad-z-dr-olga,503272.html\">wywiadzie z dr Olg\u0105 M. Piaskowsk\u0105<\/a> oraz<a href=\"https:\/\/prawo.gazetaprawna.pl\/artykuly\/1492075,konstytucja-czasowo-wylaczona.html\"> tek\u015bcie Patryka S\u0142owika<\/a>. Z kolei internetowe serwisy <a href=\"https:\/\/www.rp.pl\/Sedziowie-i-sady\/309259896-Prof-Wlodzimierz-Wrobel-zostal-Obywatelskim-Sedzia-Roku-2020.html\">&#8222;Rzeczpospolitej&#8221;<\/a> oraz <a href=\"https:\/\/wyborcza.pl\/7,75398,26340232,wlodzimierz-wrobel-z-nagroda-obywatelskiego-sedziego-roku-kiedy.html\">&#8222;Gazety Wyborczej&#8221;<\/a> obok podsumowania naszej pracy badawczej przedstawi\u0142y tak\u017ce sylwetk\u0119 laureata plebiscytu Obywatelski S\u0119dzia Roku &#8211; s\u0119dziego S\u0105du Najwy\u017cszego, prof. W\u0142odzimierza Wr\u00f3bla. O naszych raportach wspomnia\u0142y tak\u017ce portale regionalne &#8211; <a href=\"https:\/\/katowice.wyborcza.pl\/katowice\/7,35063,26372587,sady-nie-wpuszczaja-publicznosci-pod-pretekstem-epidemii-lamane.html\">Katowice.wyborcza.pl<\/a> oraz <a href=\"https:\/\/plus.gp24.pl\/raport-court-watch-w-pandemii-jawnosc-rozpraw-nie-tak-oczywista\/ar\/c1-15211994\">G\u0142os Pomorza<\/a>.<\/p>\n\n\n\n<p>Materia\u0142y medialne dost\u0119pne s\u0105 pod linkami:<\/p>\n\n\n\n<p><a href=\"https:\/\/www.polsatnews.pl\/wiadomosc\/2020-09-25\/pandemia-ograniczyla-jawnosc-wyrokow-i-dostep-do-sadu\/\" target=\"_blank\" rel=\"noreferrer noopener\" aria-label=\" (otwiera si\u0119 na nowej zak\u0142adce)\">https:\/\/www.polsatnews.pl\/wiadomosc\/2020-09-25\/pandemia-ograniczyla-jawnosc-wyrokow-i-dostep-do-sadu\/<\/a><\/p>\n\n\n\n<p><a href=\"https:\/\/prawo.gazetaprawna.pl\/artykuly\/1491865,court-watch-polska-koronawirus-sadu-raport.html\" target=\"_blank\" rel=\"noreferrer noopener\" aria-label=\" (otwiera si\u0119 na nowej zak\u0142adce)\">https:\/\/prawo.gazetaprawna.pl\/artykuly\/1491865,court-watch-polska-koronawirus-sadu-raport.html<\/a><\/p>\n\n\n\n<p><a href=\"https:\/\/prawo.gazetaprawna.pl\/artykuly\/1491865,court-watch-polska-koronawirus-sadu-raport.html\" target=\"_blank\" rel=\"noreferrer noopener\" aria-label=\" (otwiera si\u0119 na nowej zak\u0142adce)\">https:\/\/prawo.gazetaprawna.pl\/artykuly\/1491865,court-watch-polska-koronawirus-sadu-raport.html<\/a><\/p>\n\n\n\n<p><a href=\"https:\/\/www.prawo.pl\/prawnicy-sady\/jak-wyglada-jawnosc-rozpraw-w-dobie-koronawirusa,503369.html\" target=\"_blank\" rel=\"noreferrer noopener\" aria-label=\" (otwiera si\u0119 na nowej zak\u0142adce)\">https:\/\/www.prawo.pl\/prawnicy-sady\/jak-wyglada-jawnosc-rozpraw-w-dobie-koronawirusa,503369.html<\/a><\/p>\n\n\n\n<p><a href=\"https:\/\/www.prawo.pl\/prawnicy-sady\/informatyzacja-wymiaru-sprawiedliwosci-w-roznych-krajach-raport,503380.html\" target=\"_blank\" rel=\"noreferrer noopener\" aria-label=\" (otwiera si\u0119 na nowej zak\u0142adce)\">https:\/\/www.prawo.pl\/prawnicy-sady\/informatyzacja-wymiaru-sprawiedliwosci-w-roznych-krajach-raport,503380.html<\/a><\/p>\n\n\n\n<p><a href=\"https:\/\/www.prawo.pl\/prawnicy-sady\/przewleklosc-procesow-to-nie-skutek-pandemii-wywiad-z-dr-olga,503272.html\" target=\"_blank\" rel=\"noreferrer noopener\" aria-label=\" (otwiera si\u0119 na nowej zak\u0142adce)\">https:\/\/www.prawo.pl\/prawnicy-sady\/przewleklosc-procesow-to-nie-skutek-pandemii-wywiad-z-dr-olga,503272.html<\/a><\/p>\n\n\n\n<p><a href=\"https:\/\/www.rp.pl\/Sedziowie-i-sady\/309259896-Prof-Wlodzimierz-Wrobel-zostal-Obywatelskim-Sedzia-Roku-2020.html\" target=\"_blank\" rel=\"noreferrer noopener\" aria-label=\" (otwiera si\u0119 na nowej zak\u0142adce)\">https:\/\/www.rp.pl\/Sedziowie-i-sady\/309259896-Prof-Wlodzimierz-Wrobel-zostal-Obywatelskim-Sedzia-Roku-2020.html<\/a><\/p>\n\n\n\n<p><a rel=\"noreferrer noopener\" aria-label=\" (otwiera si\u0119 na nowej zak\u0142adce)\" href=\"https:\/\/wyborcza.pl\/7,75398,26340232,wlodzimierz-wrobel-z-nagroda-obywatelskiego-sedziego-roku-kiedy.html\" target=\"_blank\">https:\/\/wyborcza.pl\/7,75398,26340232,wlodzimierz-wrobel-z-nagroda-obywatelskiego-sedziego-roku-kiedy.html<\/a><\/p>\n\n\n\n<p><a href=\"https:\/\/katowice.wyborcza.pl\/katowice\/7,35063,26372587,sady-nie-wpuszczaja-publicznosci-pod-pretekstem-epidemii-lamane.html\">https:\/\/katowice.wyborcza.pl\/katowice\/7,35063,26372587,sady-nie-wpuszczaja-publicznosci-pod-pretekstem-epidemii-lamane.html<\/a><\/p>\n\n\n\n<p><a href=\"https:\/\/plus.gp24.pl\/raport-court-watch-w-pandemii-jawnosc-rozpraw-nie-tak-oczywista\/ar\/c1-15211994\">https:\/\/plus.gp24.pl\/raport-court-watch-w-pandemii-jawnosc-rozpraw-nie-tak-oczywista\/ar\/c1-15211994<\/a><\/p>\n","protected":false},"excerpt":{"rendered":"<p>Za nami konferencja podsumowuj\u0105ca dziesi\u0105ty cykl Obywatelskiego Monitoringu S\u0105d\u00f3w. By\u0142 on wyj\u0105tkowy nie tylko ze wzgl\u0119du na jubileusz programu &#8211; jego tegoroczna edycja zbieg\u0142a si\u0119 z pandemi\u0105 COVID-19, co sk\u0142oni\u0142o nas do uzupe\u0142nienia dotychczasowych obserwacji badaniem dost\u0119pno\u015bci s\u0105d\u00f3w w warunkach ograniczonego funkcjonowania instytucji publicznych. Przy okazji konferencji premier\u0119 mia\u0142 r\u00f3wnie\u017c raport S\u0105dy dost\u0119pne przez Internet. [&hellip;]<\/p>\n","protected":false},"author":5739,"featured_media":341070,"comment_status":"closed","ping_status":"closed","sticky":false,"template":"","format":"standard","meta":[],"categories":[30],"tags":[],"_links":{"self":[{"href":"https:\/\/courtwatch.pl\/api\/wp\/v2\/posts\/341009"}],"collection":[{"href":"https:\/\/courtwatch.pl\/api\/wp\/v2\/posts"}],"about":[{"href":"https:\/\/courtwatch.pl\/api\/wp\/v2\/types\/post"}],"author":[{"embeddable":true,"href":"https:\/\/courtwatch.pl\/api\/wp\/v2\/users\/5739"}],"replies":[{"embeddable":true,"href":"https:\/\/courtwatch.pl\/api\/wp\/v2\/comments?post=341009"}],"version-history":[{"count":13,"href":"https:\/\/courtwatch.pl\/api\/wp\/v2\/posts\/341009\/revisions"}],"predecessor-version":[{"id":341252,"href":"https:\/\/courtwatch.pl\/api\/wp\/v2\/posts\/341009\/revisions\/341252"}],"wp:featuredmedia":[{"embeddable":true,"href":"https:\/\/courtwatch.pl\/api\/wp\/v2\/media\/341070"}],"wp:attachment":[{"href":"https:\/\/courtwatch.pl\/api\/wp\/v2\/media?parent=341009"}],"wp:term":[{"taxonomy":"category","embeddable":true,"href":"https:\/\/courtwatch.pl\/api\/wp\/v2\/categories?post=341009"},{"taxonomy":"post_tag","embeddable":true,"href":"https:\/\/courtwatch.pl\/api\/wp\/v2\/tags?post=341009"}],"curies":[{"name":"wp","href":"https:\/\/api.w.org\/{rel}","templated":true}]}}