{"id":6783,"date":"2014-06-06T15:28:41","date_gmt":"2014-06-06T13:28:41","guid":{"rendered":"https:\/\/courtwatch.pl\/?p=6783"},"modified":"2014-06-06T15:28:41","modified_gmt":"2014-06-06T13:28:41","slug":"lustracja-sedziow-byla-potrzebna","status":"publish","type":"post","link":"https:\/\/courtwatch.pl\/blog\/2014\/06\/06\/lustracja-sedziow-byla-potrzebna\/","title":{"rendered":"Lustracja s\u0119dzi\u00f3w by\u0142a potrzebna"},"content":{"rendered":"<p style=\"text-align: justify\">Przy okazji 25. rocznicy obrad Okr\u0105g\u0142ego Sto\u0142u, prof. Andrzej Zoll, jeden z przedstawicieli strony opozycyjnej przy podstoliku ds. prawnych wspomina to, co uda\u0142o si\u0119 w\u00f3wczas osi\u0105gn\u0105\u0107. Jednym z kluczowych osi\u0105gni\u0119\u0107 mia\u0142o by\u0107 utworzenie krajowej Rady S\u0105downictwa i zabezpieczenie niezawis\u0142o\u015bci s\u0119dzi\u00f3w. W przypadku S\u0105du Najwy\u017cszego wymaga\u0142o to skr\u00f3cenia kadencji i weryfikacji pracuj\u0105cych tam s\u0119dzi\u00f3w:<\/p>\n<blockquote>\n<p style=\"text-align: justify\">Orzekaj\u0105cy tam s\u0119dziowie byli bowiem w\u00f3wczas wybierani na pi\u0119cioletnie kadencje. Z tego powodu <strong>by\u0142 to najgorszy s\u0105d, jaki mo\u017cna sobie by\u0142o wyobrazi\u0107.<\/strong> Orzekaj\u0105cy tam s\u0119dziowie chcieli by\u0107 bowiem wybrani ponownie, <strong>musieli wi\u0119c si\u0119 stara\u0107 o przychylno\u015b\u0107 decydent\u00f3w<\/strong>. [&#8230;] <strong>W Izbie Karnej spo\u015br\u00f3d \u202830 s\u0119dzi\u00f3w po weryfikacji pozosta\u0142o trzech.<\/strong><\/p><\/blockquote>\n<p style=\"text-align: justify\">Jednak nie wszystko uda\u0142o si\u0119 osi\u0105gn\u0105\u0107. Zdaniem prof. Zolla, z dzisiejszej perspektywy wida\u0107 jasno, i\u017c potrzebna by\u0142a lustracja ca\u0142ej kadr s\u0119dziowskiej:<\/p>\n<blockquote>\n<p style=\"text-align: justify\">Na pewno mo\u017cna by\u0142o tak\u017ce pr\u00f3bowa\u0107 doprowadzi\u0107 do weryfikacji wszystkich s\u0119dzi\u00f3w. Podczas obrad Okr\u0105g\u0142ego Sto\u0142u troch\u0119 <strong>naiwnie zak\u0142adali\u015bmy, \u017ce<\/strong> w zwi\u0105zku z atmosfer\u0105 panuj\u0105c\u0105 w kraju i tym, \u017ce powstan\u0105 instytucje gwarantuj\u0105ce niezawis\u0142o\u015b\u0107 \u2013 w\u0142a\u015bnie Krajowa Rada S\u0105downictwa \u2013 <strong>s\u0119dziowie sami si\u0119 zweryfikuj\u0105, \u2028\u017ce ci re\u017cimowi sami odejd\u0105<\/strong>. Okaza\u0142o si\u0119 jednak inaczej. \u2028Dzi\u015b jednak ten problem nie jest ju\u017c aktualny \u2013 rozwi\u0105za\u0142a go biologia, wi\u0119kszo\u015b\u0107 tych os\u00f3b przesz\u0142a ju\u017c w stan spoczynku.<\/p><\/blockquote>\n","protected":false},"excerpt":{"rendered":"<p>Przy okazji 25. rocznicy obrad Okr\u0105g\u0142ego Sto\u0142u, prof. Andrzej Zoll, jeden z przedstawicieli strony opozycyjnej przy podstoliku ds. prawnych wspomina to, co uda\u0142o si\u0119 w\u00f3wczas osi\u0105gn\u0105\u0107. Jednym z kluczowych osi\u0105gni\u0119\u0107 mia\u0142o by\u0107 utworzenie krajowej Rady S\u0105downictwa i zabezpieczenie niezawis\u0142o\u015bci s\u0119dzi\u00f3w. W przypadku S\u0105du Najwy\u017cszego wymaga\u0142o to skr\u00f3cenia kadencji i weryfikacji pracuj\u0105cych tam s\u0119dzi\u00f3w: Orzekaj\u0105cy tam [&hellip;]<\/p>\n","protected":false},"author":625,"featured_media":0,"comment_status":"closed","ping_status":"closed","sticky":false,"template":"","format":"standard","meta":[],"categories":[4],"tags":[],"_links":{"self":[{"href":"https:\/\/courtwatch.pl\/api\/wp\/v2\/posts\/6783"}],"collection":[{"href":"https:\/\/courtwatch.pl\/api\/wp\/v2\/posts"}],"about":[{"href":"https:\/\/courtwatch.pl\/api\/wp\/v2\/types\/post"}],"author":[{"embeddable":true,"href":"https:\/\/courtwatch.pl\/api\/wp\/v2\/users\/625"}],"replies":[{"embeddable":true,"href":"https:\/\/courtwatch.pl\/api\/wp\/v2\/comments?post=6783"}],"version-history":[{"count":3,"href":"https:\/\/courtwatch.pl\/api\/wp\/v2\/posts\/6783\/revisions"}],"predecessor-version":[{"id":6786,"href":"https:\/\/courtwatch.pl\/api\/wp\/v2\/posts\/6783\/revisions\/6786"}],"wp:attachment":[{"href":"https:\/\/courtwatch.pl\/api\/wp\/v2\/media?parent=6783"}],"wp:term":[{"taxonomy":"category","embeddable":true,"href":"https:\/\/courtwatch.pl\/api\/wp\/v2\/categories?post=6783"},{"taxonomy":"post_tag","embeddable":true,"href":"https:\/\/courtwatch.pl\/api\/wp\/v2\/tags?post=6783"}],"curies":[{"name":"wp","href":"https:\/\/api.w.org\/{rel}","templated":true}]}}